{"id":1082,"date":"2018-03-24T18:11:08","date_gmt":"2018-03-24T17:11:08","guid":{"rendered":"http:\/\/www.aersys.net\/AeroAcademy\/?p=1082"},"modified":"2018-03-24T18:11:08","modified_gmt":"2018-03-24T17:11:08","slug":"rex-ph-eil","status":"publish","type":"post","link":"https:\/\/www.aersys.net\/AeroAcademy\/rex-ph-eil\/","title":{"rendered":"Retour d&rsquo;exp\u00e9rience sur l&rsquo;accident du Van&rsquo;s RV4 immatricul\u00e9 PH-EIL"},"content":{"rendered":"<p><span style=\"color: #002332;\">Le 1er juin 2016 se produisait un accident dramatique, pr\u00e8s du terrain priv\u00e9 de Co\u00ebx, en Vend\u00e9e (85).<\/span><\/p>\n<p><span style=\"color: #002332;\">Un Van&rsquo;s RV4, avec deux personnes \u00e0 bord, s&rsquo;\u00e9crasait \u00e0 quelques centaines de m\u00e8tres du terrain, en phase d&rsquo;approche.<\/span><\/p>\n<p><span style=\"color: #002332;\">Le pilote est d\u00e9c\u00e9d\u00e9, le passager gri\u00e8vement bless\u00e9.<\/span><\/p>\n<p><span style=\"color: #002332;\">La cause racine de l&rsquo;accident a \u00e9t\u00e9 l&rsquo;arr\u00eat moteur en vol.\u00a0 Les cons\u00e9quences fatales sont pour partie dues \u00e0 la difficult\u00e9 de se poser sur un terrain non pr\u00e9par\u00e9, avec une panne moteur \u00e0 600 ft sol.<\/span><\/p>\n<p><span style=\"color: #002332;\">Le rapport du BEA se trouve<span style=\"color: #0000ff;\"> <a style=\"color: #0000ff;\" href=\"https:\/\/www.bea.aero\/uploads\/tx_elydbrapports\/BEA2016-0325.pdf\" target=\"_blank\" rel=\"noopener\">ici<\/a><\/span>.<!--more--><\/span><\/p>\n<h3><span style=\"color: #002332;\">Le Van&rsquo;s RV4<\/span><\/h3>\n<p><span style=\"color: #002332;\">Le Van&rsquo;s RV4 est un avion biplace tandem sous r\u00e9gime CNSK (kit), non-certifi\u00e9, ce que l&rsquo;on appelle commun\u00e9ment un \u00ab\u00a0Annexe 2\u00a0\u00bb, avec certificat de navigabilit\u00e9 restreint.\u00a0 Ce type d&rsquo;avion ne suit pas la r\u00e9glementation europ\u00e9eene EASA, mais la r\u00e9glementation de son pays d&rsquo;immatriculation.\u00a0 Dans le cas pr\u00e9sent, \u00e9tant immatricul\u00e9 aux Pays-Bas, il suivait la r\u00e9glementation relative \u00e0 la maintenance et aux modifications des Pays-Bas.<\/span><\/p>\n<p><span style=\"color: #002332;\">L&rsquo;appareil consid\u00e9r\u00e9 \u00e9tait motoris\u00e9 par un LYCOMING O-320-E2D \u00e0 carburateur d&rsquo;une puissance de 150 ch (et non pas 160 ch comme indiqu\u00e9 erron\u00e9ment dans le rapport du BEA) avec une h\u00e9lice\u00a0 Sensenich m\u00e9tallique \u00e0 pas fixe .\u00a0 C&rsquo;est un appareil tout m\u00e9tal tr\u00e8s r\u00e9pandu.\u00a0 La place du pilote est \u00e0 l&rsquo;avant.<\/span><\/p>\n<p><span style=\"color: #002332;\">Le PH-EIL \u00e9tait entretenu par son propri\u00e9taire et ponctuellement par un m\u00e9canicien a\u00e9ro.\u00a0 Le premier ne d\u00e9tenait aucune licence de m\u00e9canicien, le deuxi\u00e8me une part 66.<\/span><\/p>\n<p><span style=\"color: #002332;\">Quelques semaines avant l&rsquo;accident, le propri\u00e9taire a lui-m\u00eame entrepris des travaux sur le syst\u00e8me \u00e9lectrique de l&rsquo;avion (alternateur, condensateur magn\u00e9to gauche, r\u00e9gulateur, relais,&#8230;).<\/span><\/p>\n<p><span style=\"color: #002332;\">Quelques jours avant l&rsquo;accident, le propri\u00e9taire avait mandat\u00e9 le m\u00e9canicien part 66 pour installer deux magn\u00e9tos \u00e9lectroniques P-Mag en lieu et place des magn\u00e9tos \u00e9lectrom\u00e9caniques classiques.\u00a0 Il semblerait que l&rsquo;avion soit arriv\u00e9 \u00e0 l&rsquo;atelier de La Rochelle avec un circuit de charge batterie d\u00e9j\u00e0 d\u00e9faillant.<\/span><\/p>\n<h3><span style=\"color: #002332;\">Les magn\u00e9tos \u00e9lectroniques P-Mag<\/span><\/h3>\n<p><span style=\"color: #002332;\">Les magn\u00e9tos \u00e9lectroniques P-Mag sont des magn\u00e9tos \u00e9lectroniques non-certifi\u00e9es fiables et tr\u00e8s r\u00e9pandues dans le monde des avions non-certifi\u00e9s.\u00a0 Elles ont pour avantage de disposer d&rsquo;un alternateur int\u00e9gr\u00e9 permettant, une fois un certain r\u00e9gime moteur atteint (typiquement 800 tr\/min), d&rsquo;assurer l&rsquo;autonomie des magn\u00e9tos et de se passer d&rsquo;une redondance \u00e9lectrique de leur alimentation.\u00a0 Elles sont suppos\u00e9es \u00eatre install\u00e9es ind\u00e9pendamment au niveau \u00e9lectrique, \u00e0 savoir un interrupteur et un disjoncteur distinct pour chacune des magn\u00e9tos, ce qui n&rsquo;\u00e9tait pas le cas du PH-EIL o\u00f9 les deux magn\u00e9tos avaient \u00e9t\u00e9 branch\u00e9es \u00e0 une alimentation unique.<\/span><\/p>\n<p><span style=\"color: #002332;\">Il est important de noter qu&rsquo;il existe deux modes de coupures de ces magn\u00e9tos :<\/span><\/p>\n<ul>\n<li><span style=\"color: #002332;\">l&rsquo;une, classique, en mettant les P-Leads \u00e0 la masse.\u00a0 Par cette m\u00e9thode, la d\u00e9connexion de la masse autorise un red\u00e9marrage <strong>imm\u00e9diat<\/strong> de la magn\u00e9to,<\/span><\/li>\n<li><span style=\"color: #002332;\">l&rsquo;autre, li\u00e9e aux sp\u00e9cificit\u00e9s des magn\u00e9tos \u00e9lectroniques, en coupant l&rsquo;alimentation \u00e9lectrique de la magn\u00e9to.\u00a0 D\u00e8s lors, deux possibilit\u00e9s :<\/span>\n<ul>\n<li><span style=\"color: #002332;\">soit le r\u00e9gime moteur est sup\u00e9rieur aux 800 tr\/min d\u2019auto-alimentation, auquel cas les magn\u00e9tos continueront \u00e0 fonctionner,<\/span><\/li>\n<li><span style=\"color: #002332;\">soit le r\u00e9gime moteur est inf\u00e9rieur aux 800 tr\/min, et la magn\u00e9to se coupera faute d&rsquo;alimentation.<\/span><\/li>\n<\/ul>\n<\/li>\n<\/ul>\n<p style=\"padding-left: 60px;\"><span style=\"color: #002332;\">Si, apr\u00e8s la coupure par le biais de l&rsquo;interrupteur, l&rsquo;alimentation est r\u00e9tablie, les magn\u00e9tos <strong>ne red\u00e9marrent pas imm\u00e9diatement<\/strong>, elles n\u00e9cessitent une r\u00e9initialisation, celle-ci pouvant durer quelques secondes.<\/span><\/p>\n<p style=\"padding-left: 60px;\"><span style=\"color: #002332;\">On voit donc qu&rsquo;en vol, une perte d&rsquo;alimentation \u00e9lectrique, en-de\u00e7a du r\u00e9gime d\u2019auto-alimentation pourra devenir critique dans la mesure o\u00f9, m\u00eame si l&rsquo;alimentation \u00e9lectrique est r\u00e9tablie, par le biais de l&rsquo;alimentation de bord ou du dispositif d\u2019auto-alimentation de la magn\u00e9to, il lui faudra de longues secondes avant\u00a0 d&rsquo;\u00eatre \u00e0 nouveau op\u00e9rationnelle.<\/span><\/p>\n<p><span style=\"color: #002332;\">Du point de vue installation, ces magn\u00e9tos P-Mag sont plut\u00f4t simples \u00e0 installer, mais certains pi\u00e8ges subsistent et il est indispensable d&rsquo;y pr\u00eater une attention toute particuli\u00e8re :<\/span><\/p>\n<ol>\n<li><span style=\"color: #002332;\">la documentation est en anglais et n&rsquo;est pas tr\u00e8s intuitive, m\u00eame si globalement, elle est satisfaisante,<\/span><\/li>\n<li><span style=\"color: #002332;\">le point relatif \u00e0 l&rsquo;utilisation du signal des P-Mag pour la mesure des RPM est not\u00e9, et il est indiqu\u00e9 que c&rsquo;est un point d\u00e9licat, sans support de la soci\u00e9t\u00e9 \u00e0 cet \u00e9gard.\u00a0 Il est n\u00e9cessaire ou non d&rsquo;incorporer une diode selon que souhaite exploiter le signal en 5 ou 12 volts,<\/span><\/li>\n<li>il est tr\u00e8s vivement conseill\u00e9 d&rsquo;installer un syst\u00e8me de soufflage des deux magn\u00e9tos, afin de maintenir leur temp\u00e9rature dans la plage 80-85\u00b0C,<\/li>\n<li><span style=\"color: #002332;\">il est aussi possible de jouer sur l&rsquo;avance \u00e0 l&rsquo;allumage par le biais d&rsquo;un jumper.\u00a0 Autant savoir ce que l&rsquo;on fait avant de positionner ou non ce jumper.<\/span><\/li>\n<\/ol>\n<p><span style=\"color: #002332;\">Du c\u00f4t\u00e9 exploitation, il est indispensable d&rsquo;int\u00e9grer des proc\u00e9dures suppl\u00e9mentaires aux checks de pr\u00e9vol de mani\u00e8re \u00e0 v\u00e9rifier jusqu&rsquo;\u00e0 quel moment les magn\u00e9tos restent auto-aliment\u00e9es en cas de d\u00e9faillance d&rsquo;alimentation de bord.<\/span><\/p>\n<h3><span style=\"color: #002332;\">La cause de l&rsquo;arr\u00eat moteur<\/span><\/h3>\n<p><span style=\"color: #002332;\">Suite aux investigations du BEA, il appara\u00eet que le moteur et les magn\u00e9tos sont apparus op\u00e9rationnels lors de leur essai sur banc, mais avec un circuit \u00e9lectrique qui n&rsquo;\u00e9tait plus celui de l&rsquo;avion, ce dernier ayant \u00e9t\u00e9 endommag\u00e9 lors de l&rsquo;accident.\u00a0 Il est d\u00e8s lors difficile de d\u00e9terminer si c&rsquo;est une d\u00e9charge batterie ou si c&rsquo;est un coupure de l&rsquo;alimentation \u00e9lectrique par d\u00e9connexion (perte du positif ou de la masse, ou mauvaise connexion entra\u00eenant une tension inf\u00e9rieure aux 8 volts requis) qui est \u00e0 l&rsquo;origine de la coupure magn\u00e9to.<\/span><\/p>\n<p><span style=\"color: #002332;\">Les circuits d&rsquo;air et de carburant \u00e9taient op\u00e9rationnels, ce qui laisse \u00e0 penser que la cause de l&rsquo;arr\u00eat moteur provient des deux dispositifs d&rsquo;allumage simultan\u00e9ment.<\/span><\/p>\n<p>Il n&rsquo;est pas indiqu\u00e9 dans le rapport du BEA si des dispositifs de soufflage des magn\u00e9tos avaient \u00e9t\u00e9 install\u00e9s.\u00a0 Cet un \u00e9l\u00e9ment particuli\u00e8rement important, l&rsquo;accident ayant eu lieu en juin.<\/p>\n<p><span style=\"color: #002332;\">Les deux magn\u00e9tos ayant \u00e9t\u00e9 install\u00e9es sur la m\u00eame alimentation, une d\u00e9faillance de celle-ci (coupure du positif ou de la masse, ou connexions de mauvaise qualit\u00e9) rendra inop\u00e9rante les deux magn\u00e9tos simultan\u00e9ment sauf si celles-ci tournent suffisamment rapidement.<\/span><\/p>\n<p><span style=\"color: #002332;\">Dans le cas des magn\u00e9tos du PH-EIL, il a \u00e9t\u00e9 montr\u00e9 sur banc que celles-ci ne se coupaient pas en-de\u00e7a d&rsquo;environ 800 tr\/min, mais plut\u00f4t en-de\u00e7a de 1050\/1100 tr\/min, ce qui est nettement plus haut que la normale, et surtout, une configuration nettement plus rapidement atteignable en phase d&rsquo;approche, gaz r\u00e9duits.<\/span><\/p>\n<p><span style=\"color: #002332;\">D&rsquo;autre part, la batterie ne se rechargeant plus, l&rsquo;utilisation de la radio, du transpondeur, des strobes, de l&rsquo;instrumentation \u00e9lectroniques, ainsi que les d\u00e9marrages des vols pr\u00e9c\u00e9dents ont eu raison de l&rsquo;autonomie de la batterie.<\/span><\/p>\n<p><span style=\"color: #002332;\">\u00c9l\u00e9ment contribuant, suite au montage des magn\u00e9tos, l&rsquo;information des tours\/minute n&rsquo;\u00e9tait plus disponible.\u00a0 Ce sujet \u00e9tait connu du pilote, mais souhaitant r\u00e9cup\u00e9rer son avion avant le week-end, le traitement de la panne a \u00e9t\u00e9 report\u00e9 \u00e0 une date ult\u00e9rieure.\u00a0 Point critique, car sans information de RPM, le pilote ne pouvait pas se rendre compte de la zone \u00e0 partir de laquelle les magn\u00e9tos pouvaient ne plus \u00eatre aliment\u00e9es.<\/span><\/p>\n<h3><span style=\"color: #002332;\">Les points \u00e0 en retirer<\/span><\/h3>\n<p><span style=\"color: #002332;\">Ce cas est int\u00e9ressant, car m\u00ealant mat\u00e9riel certifi\u00e9\/non certifi\u00e9 et intervenants certifi\u00e9s\/non-certifi\u00e9s.<\/span><\/p>\n<p><span style=\"color: #002332;\">Globalement, la non-certification ne pose pas de probl\u00e8me, par contre plusieurs erreurs ont \u00e9t\u00e9 faites :<\/span><\/p>\n<ol>\n<li><span style=\"color: #002332;\">le pilote a accept\u00e9 de reprendre l&rsquo;avion en sortie d&rsquo;atelier avec, d&rsquo;une part le circuit de charge d\u00e9faillant, et d&rsquo;autre part, l&rsquo;information de r\u00e9gime moteur manquante.\u00a0 Ces deux points semblaient non-importants \u00e0 ses yeux, mais dans le cas de l&rsquo;utilisation de P-Mag, se sont montr\u00e9s critiques.\u00a0 A noter que dans le cas d&rsquo;une exploitation d&rsquo;a\u00e9ronef certifi\u00e9, le pilote n&rsquo;aurait pas \u00e9t\u00e9 autoris\u00e9 \u00e0 d\u00e9coller,<\/span><\/li>\n<li><span style=\"color: #002332;\">le pilote a livr\u00e9 l&rsquo;appareil \u00e0 l&rsquo;atelier avec un circuit de charge d\u00e9faillant.\u00a0 eu \u00e9gard aux travaux qu&rsquo;il avait lui-m\u00eame r\u00e9alis\u00e9s sur son avion pr\u00e9alablement, il est probable qu&rsquo;il n&rsquo;ait pas eu toutes les comp\u00e9tences techniques pour mener ce type de travaux de mani\u00e8re satisfaisante,<\/span><\/li>\n<li><span style=\"color: #002332;\">le m\u00e9canicien part 66 a proc\u00e9d\u00e9 au montage de mat\u00e9riel qu&rsquo;il ne connaissait pas.\u00a0 Face aux difficult\u00e9s rencontr\u00e9es, normales lors de toute \u00ab\u00a0premi\u00e8re fois\u00a0\u00bb, il ne lui a pas \u00e9t\u00e9 loisible de traiter le sujet du fait de la but\u00e9e du week-end.\u00a0 Il est probable aussi que la documentation, en anglais, ne suffise pas.\u00a0 Dans le cas des P-Mag, beaucoup d&rsquo;information se trouve sur le site constructeur et il est n\u00e9cessaire d&rsquo;y passer du temps.<\/span><\/li>\n<li><span style=\"color: #002332;\">l&rsquo;alimentation unique des deux magn\u00e9tos, en violation de ce qui est indiqu\u00e9 par le constructeur, n&rsquo;\u00e9tait pas une id\u00e9e \u00e0 suivre, m\u00eame si il est peu probable que \u00e7a ait contribu\u00e9 \u00e0 l&rsquo;arr\u00eat des magn\u00e9tos.<\/span><\/li>\n<\/ol>\n<h3><span style=\"color: #002332;\">En conclusion<\/span><\/h3>\n<p><span style=\"color: #002332;\">A AeroAcademy, nous r\u00e9\u00e9valuons syst\u00e9matiquement l&rsquo;int\u00e9r\u00eat et le risque de pouvoir\u00a0 travailler dans le domaine non-certifi\u00e9.\u00a0 Nous pensons que la responsabilisation des utilisateurs, pourvu qu&rsquo;ils soient \u00ab\u00a0\u00e9clair\u00e9s\u00a0\u00bb, garanti un niveau de s\u00e9curit\u00e9 au moins \u00e9gal \u00e0 celui du domaine certifi\u00e9.<\/span><\/p>\n<p><span style=\"color: #002332;\">Dans le cas pr\u00e9sent, il y a eu un d\u00e9faut de prise en compte des dangers induits par les fonctions inop\u00e9rantes lors de l&rsquo;utilisation d&rsquo;un mat\u00e9riel particulier (les P-Mag).<\/span><\/p>\n<p><span style=\"color: #002332;\">Le pilote a livr\u00e9\/accept\u00e9 un appareil dont la fonction de recharge batterie \u00e9tait inop\u00e9rante.<\/span><\/p>\n<p><span style=\"color: #002332;\">Le m\u00e9canicien a proc\u00e9d\u00e9 \u00e0 ce qu&rsquo;il pensait \u00eatre une installation sans souci, mais s&rsquo;est retrouv\u00e9 avec des points non-trait\u00e9s au moment de devoir livrer l&rsquo;avion (contrainte temporelle).\u00a0 De plus, en simplifiant l&rsquo;installation (circuit unique), il a induit un risque de d\u00e9faillance.<\/span><\/p>\n<p><span style=\"color: #002332;\">Cette exp\u00e9rience est particuli\u00e8rement pernicieuse.\u00a0 Aucun des signaux ne semblait franchement alarmant.\u00a0 Par contre, la conjonction de ceux-ci ont emmen\u00e9 l&rsquo;\u00e9quipage dans la nasse, sans possibilit\u00e9 d&rsquo;\u00e9chappatoire.<\/span><\/p>\n<p><span style=\"color: #002332;\">En r\u00e9sum\u00e9, le certifi\u00e9\/non-certifi\u00e9 n&rsquo;a que peu d&rsquo;importance.\u00a0 Seul le s\u00e9rieux de la mise en \u0153uvre importe.<\/span><\/p>\n<p><span style=\"color: #002332;\">Il n&rsquo;est pas indispensable d&rsquo;\u00eatre certifi\u00e9 pour voler en toute s\u00e9curit\u00e9, par contre, il est imp\u00e9ratif d&rsquo;\u00eatre conscient de ce que l&rsquo;on fait quand on d\u00e9cide de faire des impasses sur des probl\u00e8mes techniques.<\/span><\/p>\n<p><span style=\"color: #002332;\">Pour ceux que cela int\u00e9resse, le module <a style=\"color: #002332;\" href=\"http:\/\/www.aersys.net\/AeroAcademy\/activites\/cours\/alimentation-carburant-2\/\">M.2.2. &#8211; La Maintenance des Accessoires Moteur<\/a> traite des particularit\u00e9s de\u00a0 l&rsquo;installation des P-Mag.<\/span><\/p>\n<p><span style=\"color: #002332;\">Bichonnez votre avion et bons vols !<\/span><\/p>\n<p>&nbsp;<\/p>\n<p>&nbsp;<\/p>\n","protected":false},"excerpt":{"rendered":"<p>Le 1er juin 2016 se produisait un accident dramatique, pr\u00e8s du terrain priv\u00e9 de Co\u00ebx, en Vend\u00e9e (85). Un Van&rsquo;s RV4, avec deux personnes \u00e0 bord, s&rsquo;\u00e9crasait \u00e0 quelques centaines&#8230;<\/p>\n","protected":false},"author":4,"featured_media":1088,"comment_status":"open","ping_status":"open","sticky":false,"template":"","format":"standard","meta":[],"categories":[71,1,65,64],"tags":[68,69,66],"yoast_head":"<!-- This site is optimized with the Yoast SEO plugin v15.3 - https:\/\/yoast.com\/wordpress\/plugins\/seo\/ -->\n<title>Retour d&#039;exp\u00e9rience sur l&#039;accident du Van&#039;s RV4 immatricul\u00e9 PH-EIL - AeroAcademy<\/title>\n<meta name=\"robots\" content=\"index, follow, max-snippet:-1, max-image-preview:large, max-video-preview:-1\" \/>\n<link rel=\"canonical\" href=\"http:\/\/www.aersys.net\/AeroAcademy\/rex-ph-eil\/\" \/>\n<meta property=\"og:locale\" content=\"fr_FR\" \/>\n<meta property=\"og:type\" content=\"article\" \/>\n<meta property=\"og:title\" content=\"Retour d&#039;exp\u00e9rience sur l&#039;accident du Van&#039;s RV4 immatricul\u00e9 PH-EIL - AeroAcademy\" \/>\n<meta property=\"og:description\" content=\"Le 1er juin 2016 se produisait un accident dramatique, pr\u00e8s du terrain priv\u00e9 de Co\u00ebx, en Vend\u00e9e (85). Un Van&rsquo;s RV4, avec deux personnes \u00e0 bord, s&rsquo;\u00e9crasait \u00e0 quelques centaines...\" \/>\n<meta property=\"og:url\" content=\"http:\/\/www.aersys.net\/AeroAcademy\/rex-ph-eil\/\" \/>\n<meta property=\"og:site_name\" content=\"AeroAcademy\" \/>\n<meta property=\"article:publisher\" content=\"https:\/\/www.facebook.com\/AeroAcademy.fr\/\" \/>\n<meta property=\"article:published_time\" content=\"2018-03-24T17:11:08+00:00\" \/>\n<meta property=\"og:image\" content=\"https:\/\/www.aersys.net\/AeroAcademy\/wp-content\/uploads\/2018\/03\/PH-EIL.jpg\" \/>\n\t<meta property=\"og:image:width\" content=\"900\" \/>\n\t<meta property=\"og:image:height\" content=\"482\" \/>\n<meta name=\"twitter:card\" content=\"summary_large_image\" \/>\n<meta name=\"twitter:label1\" content=\"\u00c9crit par\">\n\t<meta name=\"twitter:data1\" content=\"AeroAcademy\">\n\t<meta name=\"twitter:label2\" content=\"Dur\u00e9e de lecture est.\">\n\t<meta name=\"twitter:data2\" content=\"7 minutes\">\n<script type=\"application\/ld+json\" class=\"yoast-schema-graph\">{\"@context\":\"https:\/\/schema.org\",\"@graph\":[{\"@type\":\"Organization\",\"@id\":\"http:\/\/www.aersys.net\/AeroAcademy\/#organization\",\"name\":\"AeroAcademy\",\"url\":\"http:\/\/www.aersys.net\/AeroAcademy\/\",\"sameAs\":[\"https:\/\/www.facebook.com\/AeroAcademy.fr\/\",\"https:\/\/www.youtube.com\/channel\/UC0guG48OClkRu5csDbEuEGQ\"],\"logo\":{\"@type\":\"ImageObject\",\"@id\":\"http:\/\/www.aersys.net\/AeroAcademy\/#logo\",\"inLanguage\":\"fr-FR\",\"url\":\"https:\/\/www.aersys.net\/AeroAcademy\/wp-content\/uploads\/2017\/10\/FOND-TRANSPARENT.png\",\"width\":2762,\"height\":1205,\"caption\":\"AeroAcademy\"},\"image\":{\"@id\":\"http:\/\/www.aersys.net\/AeroAcademy\/#logo\"}},{\"@type\":\"WebSite\",\"@id\":\"http:\/\/www.aersys.net\/AeroAcademy\/#website\",\"url\":\"http:\/\/www.aersys.net\/AeroAcademy\/\",\"name\":\"AeroAcademy\",\"description\":\"\",\"publisher\":{\"@id\":\"http:\/\/www.aersys.net\/AeroAcademy\/#organization\"},\"potentialAction\":[{\"@type\":\"SearchAction\",\"target\":\"http:\/\/www.aersys.net\/AeroAcademy\/?s={search_term_string}\",\"query-input\":\"required name=search_term_string\"}],\"inLanguage\":\"fr-FR\"},{\"@type\":\"ImageObject\",\"@id\":\"http:\/\/www.aersys.net\/AeroAcademy\/rex-ph-eil\/#primaryimage\",\"inLanguage\":\"fr-FR\",\"url\":\"https:\/\/www.aersys.net\/AeroAcademy\/wp-content\/uploads\/2018\/03\/PH-EIL.jpg\",\"width\":900,\"height\":482,\"caption\":\"Van's RV4 - PH-EIL\"},{\"@type\":\"WebPage\",\"@id\":\"http:\/\/www.aersys.net\/AeroAcademy\/rex-ph-eil\/#webpage\",\"url\":\"http:\/\/www.aersys.net\/AeroAcademy\/rex-ph-eil\/\",\"name\":\"Retour d'exp\\u00e9rience sur l'accident du Van's RV4 immatricul\\u00e9 PH-EIL - AeroAcademy\",\"isPartOf\":{\"@id\":\"http:\/\/www.aersys.net\/AeroAcademy\/#website\"},\"primaryImageOfPage\":{\"@id\":\"http:\/\/www.aersys.net\/AeroAcademy\/rex-ph-eil\/#primaryimage\"},\"datePublished\":\"2018-03-24T17:11:08+00:00\",\"dateModified\":\"2018-03-24T17:11:08+00:00\",\"inLanguage\":\"fr-FR\",\"potentialAction\":[{\"@type\":\"ReadAction\",\"target\":[\"http:\/\/www.aersys.net\/AeroAcademy\/rex-ph-eil\/\"]}]},{\"@type\":\"Article\",\"@id\":\"http:\/\/www.aersys.net\/AeroAcademy\/rex-ph-eil\/#article\",\"isPartOf\":{\"@id\":\"http:\/\/www.aersys.net\/AeroAcademy\/rex-ph-eil\/#webpage\"},\"author\":{\"@id\":\"http:\/\/www.aersys.net\/AeroAcademy\/#\/schema\/person\/a78eb86f5c251707639f1848bee68741\"},\"headline\":\"Retour d&rsquo;exp\\u00e9rience sur l&rsquo;accident du Van&rsquo;s RV4 immatricul\\u00e9 PH-EIL\",\"datePublished\":\"2018-03-24T17:11:08+00:00\",\"dateModified\":\"2018-03-24T17:11:08+00:00\",\"mainEntityOfPage\":{\"@id\":\"http:\/\/www.aersys.net\/AeroAcademy\/rex-ph-eil\/#webpage\"},\"commentCount\":0,\"publisher\":{\"@id\":\"http:\/\/www.aersys.net\/AeroAcademy\/#organization\"},\"image\":{\"@id\":\"http:\/\/www.aersys.net\/AeroAcademy\/rex-ph-eil\/#primaryimage\"},\"keywords\":\"Maintenance,Moteur,REX\",\"articleSection\":\"Accident,Avions,Maintenance,Retour d'Exp\\u00e9rience\",\"inLanguage\":\"fr-FR\",\"potentialAction\":[{\"@type\":\"CommentAction\",\"name\":\"Comment\",\"target\":[\"http:\/\/www.aersys.net\/AeroAcademy\/rex-ph-eil\/#respond\"]}]},{\"@type\":\"Person\",\"@id\":\"http:\/\/www.aersys.net\/AeroAcademy\/#\/schema\/person\/a78eb86f5c251707639f1848bee68741\",\"name\":\"AeroAcademy\",\"image\":{\"@type\":\"ImageObject\",\"@id\":\"http:\/\/www.aersys.net\/AeroAcademy\/#personlogo\",\"inLanguage\":\"fr-FR\",\"url\":\"https:\/\/secure.gravatar.com\/avatar\/1fafd304e67611ab42c116b635eb6c04?s=96&d=mm&r=g\",\"caption\":\"AeroAcademy\"}}]}<\/script>\n<!-- \/ Yoast SEO plugin. -->","_links":{"self":[{"href":"https:\/\/www.aersys.net\/AeroAcademy\/wp-json\/wp\/v2\/posts\/1082"}],"collection":[{"href":"https:\/\/www.aersys.net\/AeroAcademy\/wp-json\/wp\/v2\/posts"}],"about":[{"href":"https:\/\/www.aersys.net\/AeroAcademy\/wp-json\/wp\/v2\/types\/post"}],"author":[{"embeddable":true,"href":"https:\/\/www.aersys.net\/AeroAcademy\/wp-json\/wp\/v2\/users\/4"}],"replies":[{"embeddable":true,"href":"https:\/\/www.aersys.net\/AeroAcademy\/wp-json\/wp\/v2\/comments?post=1082"}],"version-history":[{"count":37,"href":"https:\/\/www.aersys.net\/AeroAcademy\/wp-json\/wp\/v2\/posts\/1082\/revisions"}],"predecessor-version":[{"id":1209,"href":"https:\/\/www.aersys.net\/AeroAcademy\/wp-json\/wp\/v2\/posts\/1082\/revisions\/1209"}],"wp:featuredmedia":[{"embeddable":true,"href":"https:\/\/www.aersys.net\/AeroAcademy\/wp-json\/wp\/v2\/media\/1088"}],"wp:attachment":[{"href":"https:\/\/www.aersys.net\/AeroAcademy\/wp-json\/wp\/v2\/media?parent=1082"}],"wp:term":[{"taxonomy":"category","embeddable":true,"href":"https:\/\/www.aersys.net\/AeroAcademy\/wp-json\/wp\/v2\/categories?post=1082"},{"taxonomy":"post_tag","embeddable":true,"href":"https:\/\/www.aersys.net\/AeroAcademy\/wp-json\/wp\/v2\/tags?post=1082"}],"curies":[{"name":"wp","href":"https:\/\/api.w.org\/{rel}","templated":true}]}}